{"id":1005,"date":"2024-06-10T10:00:29","date_gmt":"2024-06-10T08:00:29","guid":{"rendered":"https:\/\/jumpers.work\/exploraterra\/?p=1735"},"modified":"2024-06-10T10:00:29","modified_gmt":"2024-06-10T08:00:29","slug":"el-colegio-de-enfermeria-de-sevilla-concede-sus-premios-nacionales-ciudad-de-sevilla-en-el-espacio-exploraterra","status":"publish","type":"post","link":"https:\/\/jumpers.work\/exploraterra\/2024\/06\/10\/el-colegio-de-enfermeria-de-sevilla-concede-sus-premios-nacionales-ciudad-de-sevilla-en-el-espacio-exploraterra\/","title":{"rendered":"El Colegio de Enfermer\u00eda de Sevilla concede sus Premios Nacionales \u2018Ciudad de Sevilla\u2019 en el Espacio Exploraterra"},"content":{"rendered":"<p><iframe title=\"XXXIX Certamen Nacional de Enfermer\u00eda &#039;Ciudad de Sevilla&#039; y XXXI Premio San Juan de Dios (2024)\" width=\"800\" height=\"450\" src=\"https:\/\/www.youtube.com\/embed\/-1fRTB-sZtA?feature=oembed\" frameborder=\"0\" allow=\"accelerometer; autoplay; clipboard-write; encrypted-media; gyroscope; picture-in-picture; web-share\" referrerpolicy=\"strict-origin-when-cross-origin\" allowfullscreen><\/iframe><\/p>\n<p><em>Fuente: Consejo Andaluz de Colegios de Enfermer\u00eda<\/em><\/p>\n<p style=\"text-align: center;\"><em><strong>El Ilustre Colegio Oficial de Enfermer\u00eda (ICOES) ha concedido los premios \u2018Ciudad de Sevilla\u2019 a Lorena Tarri\u00f1o, Alejandra Villa, Cristina Reguera y a Pablo Chico<\/strong><\/em><\/p>\n<p style=\"text-align: center;\"><em><strong>El Certamen Nacional Ciudad de Sevilla del ICOES cumple su 39\u00aa edici\u00f3n siendo uno de los concursos de investigaci\u00f3n m\u00e1s longevos del territorio estatal. La entrega de los premios ha tenido lugar en el Espacio Exploraterra, lugar singular, coincidiendo con el 160 aniversario\u00a0 del ICOES<\/strong><\/em><\/p>\n<p>Sevilla, 5 de junio de 2024.-\u00a0El\u00a0<strong>Ilustre Colegio Oficial de Enfermer\u00eda de Sevilla (ICOES)\u00a0<\/strong>celebra este 4 de junio el Certamen Nacional de Enfermer\u00eda \u2018Ciudad de Sevilla\u2019, que llega a su\u00a0<strong>39\u00aa edici\u00f3n<\/strong>, siendo uno de los concursos de investigaci\u00f3n enfermera m\u00e1s veteranos en el \u00e1mbito nacional. \u201cEste a\u00f1o es especial para nuestro colegio profesional. Se conmemora el 160\u00a0 aniversario fundacional del ICOES\u201d, explica el<strong>\u00a0presidente del ICOES, V\u00edctor Boh\u00f3rquez<\/strong>.<\/p>\n<p>El Certamen \u2018Ciudad de Sevilla\u2019 incluye cuatro premios (Premio al Mejor Estudio de Investigaci\u00f3n, Premio de Enfermer\u00eda Joven en dos modalidades, y el Premio Enfermer\u00eda Joven Postgrado) que reconocen\u00a0<strong>el af\u00e1n por innovar de enfermeras dedicadas al avance cient\u00edfico de la profesi\u00f3n<\/strong>.\u00a0<strong>\u00a0<\/strong><\/p>\n<p>El ICOES\u00a0 ha escogido un lugar singular para celebrar el certamen nacional, el Espacio Exploraterra,<strong>\u00a0<\/strong>donde\u00a0<strong>se rinde homenaje al esp\u00edritu explorador y emprendedor\u00a0<\/strong>que impuls\u00f3 la Primera Vuelta al Mundo.<\/p>\n<p><strong>Premio \u00abCiudad de Sevilla al mejor Estudio de Investigaci\u00f3n.<\/strong><\/p>\n<p>El ICOES ha concedido el <strong>Premio al Mejor Estudio de Investigaci\u00f3n\u00a0<\/strong>al equipo de<strong>\u00a0Lorena Tarri\u00f1o<\/strong>, del que forman parte como coautores\u00a0<strong>Mar\u00eda \u00c1ngeles Garc\u00eda-Carpintero<\/strong>\u00a0y\u00a0<strong>Francisco Emilio Naranjo<\/strong>, por el trabajo\u00a0<em>Explorando la violencia de g\u00e9nero en el noviazgo en estudiantes de Enfermer\u00eda en el Sur de Espa\u00f1a: Un estudio cualitativo<\/em>. Este reconocimiento est\u00e1 dotado con 4.000 euros.<\/p>\n<p>Los principales resultados de este estudio desvelan que\u00a0<strong>\u201clas futuras enfermeras demandan una mayor formaci\u00f3n te\u00f3rico-pr\u00e1ctica en los Grados de Enfermer\u00eda\u00a0<\/strong>sobre los recursos disponibles para la prevenci\u00f3n, detecci\u00f3n e intervenci\u00f3n de estos casos. La mayor\u00eda, solo recibe escasa formaci\u00f3n en sus estudios de Educaci\u00f3n Secundaria, y se reduce a educaci\u00f3n sexual. Se detectaron creencias y estereotipos en los y las estudiantes que pueden dificultar\u00a0<strong>una correcta identificaci\u00f3n de la violencia de g\u00e9nero en su pr\u00e1ctica cl\u00ednica<\/strong>\u00a0e impide una intervenci\u00f3n real en materia de prevenci\u00f3n y educaci\u00f3n para la salud en estas mujeres\u201d, explica Lorena Tarri\u00f1o.<\/p>\n<p>La\u00a0 investigaci\u00f3n evidencia que las principales formas de violencia de g\u00e9nero en el noviazgo est\u00e1n relacionadas con el<strong>\u00a0control y la violencia psicol\u00f3gica<\/strong>. Las v\u00edctimas presentan problemas de salud relacionados con\u00a0<strong>ansiedad, estr\u00e9s, insomnio, ca\u00edda del cabello, trastornos de la conducta alimentaria<\/strong>\u00a0como la anorexia o la bulimia, derivados en gran medida de los comentarios de su pareja sobre su figura o imagen corporal.<\/p>\n<p>El equipo de Tarri\u00f1o destaca que \u201c<strong>la formaci\u00f3n y capacitaci\u00f3n sobre violencia de g\u00e9nero en los planes de estudio de Enfermer\u00eda es un elemento clave<\/strong>\u00a0para ofrecer una atenci\u00f3n integral y de calidad a mujeres supervivientes de violencia de g\u00e9nero\u201d.<\/p>\n<p><strong>Premio joven \u00abciudad de Sevilla de Postgrado al mejor trabajo Fin de M\u00e1ster.<\/strong><\/p>\n<p>El<strong>\u00a0Premio Joven Postgrado al Mejor Trabajo Fin de M\u00e1ster,\u00a0<\/strong>dotado con 1.000 euros, es\u00a0 para\u00a0<strong>Cristina Reguera<\/strong>, por el trabajo\u00a0<em>Evaluaci\u00f3n de las propiedades psicom\u00e9tricas de los instrumentos que miden la carga de trabajo enfermera en Unidades de Cuidados Cr\u00edticos: Revisi\u00f3n Sistem\u00e1tica<\/em>.<\/p>\n<p>\u201cMe enorgullece haber recibido este premio que me impulsa a seguir con mi carrera investigadora, demostrando que nuestros cuidados de calidad no son casuales, sino debido al esfuerzo diario que finalmente, da sus frutos\u201d, explica Cristina Reguera. Su investigaci\u00f3n, que ha sido reconocida por ICOES,\u00a0<strong>\u00a0busca dar respuesta a la sobrecarga de trabajo enfermera que encontramos en las Unidades de Cuidados Intensivos<\/strong>, ya que estas unidades presentan cargas de trabajo enfermeras muy elevadas, relacion\u00e1ndose directamente con una disminuci\u00f3n de la calidad asistencial.<\/p>\n<p>Seg\u00fan sus resultados, Cristina Reguera destaca \u201cque\u00a0<strong>la mayor\u00eda de escalas encontradas miden la carga de trabajo enfermera desde una visi\u00f3n m\u00e9dica<\/strong>, basada en las t\u00e9cnicas y la gravedad del paciente. Siendo la escala\u00a0<em>Nursing Activity Scor<\/em>e la que presenta mejor calidad\u201d. Ante esta conclusi\u00f3n la investigadora considera que \u201c<strong>deber\u00eda incentivarse el desarrollo de herramientas que midan esta carga de trabajo desde un enfoque m\u00e1s innovador y enfermero<\/strong>\u201d.<\/p>\n<p>Tras este trabajo Cristina Reguera se ha embarcado en una tesis doctoral, que le ha permitido conseguir de forma competitiva un contrato predoctoral FPU concedido a nivel nacional por el Ministerio de Universidades. El trabajo, que ha sido reconocido por ICOES, ha sido adaptado y publicado en la revista\u00a0<em>Journal of Critical Care Nursing<\/em>.<\/p>\n<p><strong>Premio joven \u00abciudad de Sevilla de Postgrado al mejor trabajo Fin de Residencia.<\/strong><\/p>\n<p>El\u00a0<strong>Premio de Enfermer\u00eda Joven al Mejor Trabajo Fin de Residencia<\/strong>, dotado con 1.000 euros, recae en el equipo de\u00a0<strong>Alejandra Villa<\/strong>, que lo integran<strong>\u00a0F\u00e1tima Garc\u00eda y Javier Romero,<\/strong>\u00a0como coautores, por el trabajo\u00a0<em>Estudio descriptivo sobre el nivel de pr\u00e1ctica, satisfacci\u00f3n y conocimiento que presentan pu\u00e9rperas con respecto al masaje perineal.<\/em>\u00a0Este estudio, que se ha desarrollado en el\u00a0<strong>Hospital Universitario de Valme<\/strong>, constata que \u201cla mayor\u00eda de las mujeres no conocen el masaje perineal\u201d, dato que\u00a0 se vincula con escasa asistencia\u00a0 a clases de educaci\u00f3n maternal. Alejandra Villa explica, a modo de conclusi\u00f3n, que \u201cel masaje perineal es una t\u00e9cnica poco empleada por las mujeres en nuestro estudio, de ah\u00ed<strong>\u00a0la importancia de las clases de educaci\u00f3n maternal<\/strong>.<\/p>\n<p>La investigadora principal de este trabajo premiado recuerda que \u201cel masaje perineal es una\u00a0<strong>medida f\u00edsica preventiva de lesiones del perin\u00e9,<\/strong>\u00a0aplicable durante el embarazo o parto, que presenta m\u00faltiples ventajas y se asocia con un riesgo menor de traumatismos perineales graves y complicaciones posparto\u201d. Seg\u00fan la<strong>\u00a0Federaci\u00f3n de Asociaciones de Matronas de Espa\u00f1a (FAME)<\/strong>, el masaje perineal aumenta la flexibilidad, elasticidad y relajaci\u00f3n muscular de la zona.<\/p>\n<p><strong>Premio joven \u00abciudad de Sevilla de Postgrado al mejor trabajo Fin de Grado.<\/strong><\/p>\n<p>El\u00a0<strong>Premio Enfermer\u00eda Joven al Mejor Trabajo Fin de Grado<\/strong>, dotado con 500 euros, lo recibir\u00e1<strong>\u00a0Pablo Chico,\u00a0<\/strong>enfermero en el Hospital Cl\u00ednico Universitario de Santiago de Compostela (SERGAS), por el trabajo titulado\u00a0<em>Adquisici\u00f3n de h\u00e1bitos de alimentaci\u00f3n saludable en personas con S\u00edndrome de Down: Proyecto CHAS-DOWN<\/em>.<\/p>\n<p>\u201c<strong>La aplicaci\u00f3n CHAS-Down<\/strong>, de f\u00e1cil empleo en dispositivos m\u00f3viles o tabletas, se encuentra dise\u00f1ada y adaptada a las caracter\u00edsticas y necesidades particulares de las personas con S\u00edndrome de Down. Ha recibido una<strong>\u00a0excelente acogida por parte de un grupo piloto de personas con S\u00edndrome de Down de la Fundaci\u00f3n Down Compostela<\/strong>, quienes participaron activamente en el proyecto. A trav\u00e9s de su uso, han logrado aprender a mejorar sus h\u00e1bitos de alimentaci\u00f3n. Los resultados preliminares respaldan la viabilidad del estudio de la aplicaci\u00f3n CHAS-Down\u201d, explica Pablo Chico, enfermero en el Hospital Cl\u00ednico Universitario de Santiago de Compostela (SERGAS), que quiere agradecer\u00a0 \u201cel inmenso apoyo\u201d de su tutor y co tutora, Dr. Antonio Rodr\u00edguez N\u00fa\u00f1ez y Dra. Aida Carballo Fazanes.<\/p>\n<p><strong>Premio San Juan de Dios para el Ateneo de Sevilla.<\/strong><\/p>\n<p>Junto a estos premios del Certamen Nacional de Enfermer\u00eda Ciudad de Sevilla, el ICOES entregar\u00e1 el\u00a0<strong>XXI Premio San Juan de Dios al Ateneo de Sevilla<\/strong>\u00a0por \u201chaber demostrado a lo largo del tiempo una pauta de comportamiento, conducta y una trayectoria en base al servicio, la entrega, la vocaci\u00f3n y la solidaridad\u201d.<\/p>\n<p>Cada a\u00f1o el Ateneo de Sevilla lleva a cabo cerca de<strong>\u00a0400 actos culturales<\/strong>, entre los que destaca la Cabalgata que inunda de ilusi\u00f3n la ciudad. \u201cTambi\u00e9n realizamos una incansable labor social con la que tratamos de dar respuesta a todos aquellos que se encuentran en una situaci\u00f3n de vulnerabilidad: todo aquel que necesite un juguete, algo de ropa, alimentos, o simplemente ilusi\u00f3n, tendr\u00e1 siempre al Ateneo de Sevilla al lado\u00bb, explica<strong>\u00a0el presidente del Ateneo de Sevilla, Emilio Boja.\u00a0<\/strong><\/p>\n<p>La entrega de premios ha contado con la presencia de\u00a0<strong>Florentino P\u00e9rez\u00a0 Raya<\/strong>, presidente del Consejo General de Enfermer\u00eda de Sevilla (CGE);\u00a0<strong>Mar\u00eda del Mar Garc\u00eda<\/strong>, presidenta del Consejo Andaluz de Enfermer\u00eda (CAE);\u00a0<strong>Silvia Pozo<\/strong>, delegada de Salud en el Ayuntamiento de Sevilla;\u00a0<strong>Jos\u00e9 Ca\u00f1\u00f3n Campos<\/strong>, gerente de la Fundaci\u00f3n P\u00fablica andaluza para la gesti\u00f3n en Investigaci\u00f3n en Salud de Sevilla (FISEVI);\u00a0<strong>\u00a0Guillermo Garc\u00eda<\/strong>, superior del Hospital San Juan de Dios Eduardo Dato; y\u00a0<strong>Francisco Ventosa<\/strong>, director de Centro Universitario de Enfermer\u00eda San Juan de Dios, entre otras personalidades y autoridades.<\/p>\n<p><strong>Corto 160 a\u00f1os de Historia.<\/strong><\/p>\n<p>El ICOES ha estrenado durante el Certamen \u2018Ciudad de Sevilla\u2019 un corto sobre los 160 a\u00f1os de la instituci\u00f3n colegial producido y realizado por <strong>la firma Sr_Mandril<\/strong>\u00a0con calidad cinematogr\u00e1fica. Durante poco m\u00e1s de diez minutos voces expertas rese\u00f1an en esta producci\u00f3n audiovisual los momentos claves del ICOES desde sus precedentes hist\u00f3ricos hasta la actualidad.<\/p>\n<p><strong>160 a\u00f1os a trav\u00e9s de 10 Mupis en la Puerta de Jerez.<\/strong><\/p>\n<p>El<strong>\u00a0Ilustre Colegio Oficial de Enfermer\u00eda de Sevilla (ICOES)<\/strong>\u00a0ofrece una muestra sobre sus 160 a\u00f1os de historia en la Puerta de Jerez hasta el 23 de junio, a trav\u00e9s de<strong>\u00a010 MUPIS (Mobiliario Urbano y de Visualizaci\u00f3n)<\/strong>, que explican con\u00a0 im\u00e1genes y textos momentos claves de la instituci\u00f3n profesional. \u201cCon esta muestra queremos explicar a los ciudadanos<strong>\u00a0nuestros or\u00edgenes y poner en valor a las enfermeras\u00a0<\/strong>que han desarrollado la profesi\u00f3n a lo largo del tiempo hasta alcanzar la excelencia basada en la evidencia cient\u00edfica\u201d, explica el presidente del ICOES.<\/p>\n","protected":false},"excerpt":{"rendered":"<p>Fuente: Consejo Andaluz de Colegios de Enfermer\u00eda El Ilustre Colegio Oficial de Enfermer\u00eda (ICOES) ha concedido los premios \u2018Ciudad de Sevilla\u2019 a Lorena Tarri\u00f1o, Alejandra Villa, Cristina Reguera y a Pablo Chico El Certamen Nacional Ciudad de Sevilla del ICOES cumple su 39\u00aa edici\u00f3n siendo uno de los concursos de investigaci\u00f3n m\u00e1s longevos del territorio [&hellip;]<\/p>\n","protected":false},"author":1,"featured_media":1006,"comment_status":"closed","ping_status":"open","sticky":false,"template":"","format":"standard","meta":{"footnotes":""},"categories":[10],"tags":[],"class_list":["post-1005","post","type-post","status-publish","format-standard","has-post-thumbnail","hentry","category-noticia"],"_links":{"self":[{"href":"https:\/\/jumpers.work\/exploraterra\/wp-json\/wp\/v2\/posts\/1005","targetHints":{"allow":["GET"]}}],"collection":[{"href":"https:\/\/jumpers.work\/exploraterra\/wp-json\/wp\/v2\/posts"}],"about":[{"href":"https:\/\/jumpers.work\/exploraterra\/wp-json\/wp\/v2\/types\/post"}],"author":[{"embeddable":true,"href":"https:\/\/jumpers.work\/exploraterra\/wp-json\/wp\/v2\/users\/1"}],"replies":[{"embeddable":true,"href":"https:\/\/jumpers.work\/exploraterra\/wp-json\/wp\/v2\/comments?post=1005"}],"version-history":[{"count":0,"href":"https:\/\/jumpers.work\/exploraterra\/wp-json\/wp\/v2\/posts\/1005\/revisions"}],"wp:featuredmedia":[{"embeddable":true,"href":"https:\/\/jumpers.work\/exploraterra\/wp-json\/wp\/v2\/media\/1006"}],"wp:attachment":[{"href":"https:\/\/jumpers.work\/exploraterra\/wp-json\/wp\/v2\/media?parent=1005"}],"wp:term":[{"taxonomy":"category","embeddable":true,"href":"https:\/\/jumpers.work\/exploraterra\/wp-json\/wp\/v2\/categories?post=1005"},{"taxonomy":"post_tag","embeddable":true,"href":"https:\/\/jumpers.work\/exploraterra\/wp-json\/wp\/v2\/tags?post=1005"}],"curies":[{"name":"wp","href":"https:\/\/api.w.org\/{rel}","templated":true}]}}