{"id":1009,"date":"2024-05-31T12:39:31","date_gmt":"2024-05-31T10:39:31","guid":{"rendered":"https:\/\/jumpers.work\/exploraterra\/?p=1721"},"modified":"2024-05-31T12:39:31","modified_gmt":"2024-05-31T10:39:31","slug":"la-fundacion-nao-victoria-y-la-fundacion-camara-de-sevilla-firman-un-acuerdo-para-apoyar-las-actividades-del-espacio-exploraterra","status":"publish","type":"post","link":"https:\/\/jumpers.work\/exploraterra\/2024\/05\/31\/la-fundacion-nao-victoria-y-la-fundacion-camara-de-sevilla-firman-un-acuerdo-para-apoyar-las-actividades-del-espacio-exploraterra\/","title":{"rendered":"La Fundaci\u00f3n Nao Victoria y la Fundaci\u00f3n C\u00e1mara de Sevilla firman un acuerdo para apoyar las actividades del Espacio EXPLORATERRA"},"content":{"rendered":"<p>Sevilla, 31 de mayo de 2024.- El presidente de la Fundaci\u00f3n Nao Victoria, D. Jos\u00e9 Fern\u00e1ndez de Cabo, y el presidente de la Fundaci\u00f3n C\u00e1mara de Sevilla, D. Francisco Herrera, han firmado un acuerdo de colaboraci\u00f3n entre ambas instituciones para el fomento de actividades en el Espacio Exploraterra.<\/p>\n<p>El objeto del acuerdo es la difusi\u00f3n del protagonismo de la ciudad de Sevilla y el Guadalquivir en la mayor era de las expediciones mar\u00edtimas de la historia que abri\u00f3 la imagen del mundo moderno e inici\u00f3 la globalizaci\u00f3n del planeta, as\u00ed como del gran hito clave de este proceso: la Primera Vuelta al Mundo de la Nao Victoria. Por otro, dicha colaboraci\u00f3n busca el fomento de actividades para conservar y fomentar los oficios relacionado con la navegaci\u00f3n, la historia y la riqueza cultural de nuestro patrimonio mar\u00edtimo.<\/p>\n<p>Todo ello a trav\u00e9s del fomento de las actividades del nuevo centro de interpretaci\u00f3n Exploraterra. Un espacio socio cultural gestionado por la Fundaci\u00f3n Nao Victoria, en el que, a trav\u00e9s de sus salas y contenidos, se pone en valor la mencionada era de las expediciones mar\u00edtimas, justo desde su \u201cmilla cero\u201d \u2013 a los pies de la Torre del Oro- en el que se encuentra ubicado. Un espacio que, en su conjunto, hace homenaje al esp\u00edritu explorador del hombre de todos los tiempos, a la audacia y el emprendimiento, que cambiaron y siguen cambiando el mundo. Por todo ello y por el compromiso compartido de ambas instituciones con la ciudad y sus actividades culturales y econ\u00f3micas, la firma de este convenio activa su alianza para la realizaci\u00f3n, promoci\u00f3n y difusi\u00f3n de las actividades de este centro Exploraterra.<\/p>\n<p>Por otro lado, en el marco de este acuerdo, la Fundaci\u00f3n Nao Victoria Victoria, instituci\u00f3n de gran experiencia en la gesti\u00f3n de \u201cacontecimientos de excepcional inter\u00e9s p\u00fablico\u201d, colaborar\u00e1 con la Fundaci\u00f3n C\u00e1mara en el programa de actuaciones que, junto con el Ayuntamiento de Sevilla, est\u00e1 poniendo en marcha para la celebraci\u00f3n del centenario de la Exposici\u00f3n Iberoamericana de 1929.<\/p>\n","protected":false},"excerpt":{"rendered":"<p>Sevilla, 31 de mayo de 2024.- El presidente de la Fundaci\u00f3n Nao Victoria, D. Jos\u00e9 Fern\u00e1ndez de Cabo, y el presidente de la Fundaci\u00f3n C\u00e1mara de Sevilla, D. Francisco Herrera, han firmado un acuerdo de colaboraci\u00f3n entre ambas instituciones para el fomento de actividades en el Espacio Exploraterra. El objeto del acuerdo es la difusi\u00f3n [&hellip;]<\/p>\n","protected":false},"author":1,"featured_media":1010,"comment_status":"closed","ping_status":"open","sticky":false,"template":"","format":"standard","meta":{"footnotes":""},"categories":[10],"tags":[],"class_list":["post-1009","post","type-post","status-publish","format-standard","has-post-thumbnail","hentry","category-noticia"],"_links":{"self":[{"href":"https:\/\/jumpers.work\/exploraterra\/wp-json\/wp\/v2\/posts\/1009","targetHints":{"allow":["GET"]}}],"collection":[{"href":"https:\/\/jumpers.work\/exploraterra\/wp-json\/wp\/v2\/posts"}],"about":[{"href":"https:\/\/jumpers.work\/exploraterra\/wp-json\/wp\/v2\/types\/post"}],"author":[{"embeddable":true,"href":"https:\/\/jumpers.work\/exploraterra\/wp-json\/wp\/v2\/users\/1"}],"replies":[{"embeddable":true,"href":"https:\/\/jumpers.work\/exploraterra\/wp-json\/wp\/v2\/comments?post=1009"}],"version-history":[{"count":0,"href":"https:\/\/jumpers.work\/exploraterra\/wp-json\/wp\/v2\/posts\/1009\/revisions"}],"wp:featuredmedia":[{"embeddable":true,"href":"https:\/\/jumpers.work\/exploraterra\/wp-json\/wp\/v2\/media\/1010"}],"wp:attachment":[{"href":"https:\/\/jumpers.work\/exploraterra\/wp-json\/wp\/v2\/media?parent=1009"}],"wp:term":[{"taxonomy":"category","embeddable":true,"href":"https:\/\/jumpers.work\/exploraterra\/wp-json\/wp\/v2\/categories?post=1009"},{"taxonomy":"post_tag","embeddable":true,"href":"https:\/\/jumpers.work\/exploraterra\/wp-json\/wp\/v2\/tags?post=1009"}],"curies":[{"name":"wp","href":"https:\/\/api.w.org\/{rel}","templated":true}]}}