{"id":1034,"date":"2023-03-29T13:44:39","date_gmt":"2023-03-29T11:44:39","guid":{"rendered":"https:\/\/jumpers.work\/exploraterra\/?p=814"},"modified":"2023-03-29T13:44:39","modified_gmt":"2023-03-29T11:44:39","slug":"se-inaugura-el-espacio-exploraterra-tierra-de-exploradores","status":"publish","type":"post","link":"https:\/\/jumpers.work\/exploraterra\/2023\/03\/29\/se-inaugura-el-espacio-exploraterra-tierra-de-exploradores\/","title":{"rendered":"Se inaugura el Espacio Exploraterra \u00abTierra de Exploradores\u00bb"},"content":{"rendered":"<p style=\"text-align: center;\"><strong><em>Un gran espacio cultural y de ocio sobre las grandes exploraciones mar\u00edtimas y la Primera Vuelta al Mundo en el Paseo Alcalde Marqu\u00e9s de Contadero<\/em><\/strong><\/p>\n<p><em>Sevilla, 30 de marzo de 2022.<\/em>&#8211; Esta ma\u00f1ana el presidente de la Fundaci\u00f3n Nao Victoria, Jos\u00e9 Fern\u00e1ndez de Cabo, junto a al Consejero de Presidencia, Antonio Sanz y el Alcalde del Ayuntamiento de Sevilla, Antonio Mu\u00f1oz, han inaugurado el <a href=\"https:\/\/jumpers.work\/exploraterra\/\">Espacio EXPLORATERRA \u201cTierra de Exploradores\u201d<\/a>.<\/p>\n<p>Un proyecto de la Fundaci\u00f3n Nao Victoria, cofinanciado por el <a href=\"https:\/\/2007-2020.poctep.eu\/es\/inicio-2014-2020\">Programa de Cooperaci\u00f3n Transfronteriza Espa\u00f1a- Portugal (INTERREG V A \u2013 POCTEP 2014-2020)<\/a>, que ha contado con la participaci\u00f3n de otras instituciones: la Agencia Andaluza de Instituciones Culturales de la Junta de Andaluc\u00eda, la Axencia de Turismo de Galicia, la Associa\u00e7\u00e3o Portuguesa de Treino de Vela (APORVELA) y la Entidade Regional de Turismo do Algarve, y con la colaboraci\u00f3n del Ayuntamiento de Sevilla y Acci\u00f3n Cultural Espa\u00f1ola.<\/p>\n<p>Se trata de un nuevo espacio cultural y de ocio, ubicado en el r\u00edo Guadalquivir junto a la Torre del Oro, en el edificio 1 del Paseo Alcalde Marqu\u00e9s de Contadero a orillas del Guadalquivir, junto a la Torre del Oro, en el coraz\u00f3n de la Sevilla mar\u00edtima y exploradora.<\/p>\n<p>Un centro cultural que junto a la Nao Victoria 500, queda en la ciudad como legado del V Centenario de la Primera Vuelta al Mundo, que la Fundaci\u00f3n Nao Victoria ha construido en la \u201cmilla cero\u201d de este extraordinario viaje, en el que se conmemora y difunde esta haza\u00f1a, y se rinde homenaje al esp\u00edritu explorador del hombre de todos los tiempos. Bajo el lema \u00abExplorar el pasado, descubrir el futuro\u00bb el Espacio Exploraterra se compone de distintas \u00e1reas expositivas y de actividades que hablan del pasado, el presente y el futuro la exploraci\u00f3n.<\/p>\n<p>Como ha recalcado el Presidente de la Fundaci\u00f3n Nao Victoria la ciudad disfruta desde hoy de un merecido centro sobre la Primera Vuelta al Mundo y las grandes expediciones, que conecta el presente y el futuro de la exploraci\u00f3n, ampl\u00eda la oferta cultural y cient\u00edfica de la ciudad y potencia el turismo de calidad.<\/p>\n","protected":false},"excerpt":{"rendered":"<p>Un gran espacio cultural y de ocio sobre las grandes exploraciones mar\u00edtimas y la Primera Vuelta al Mundo en el Paseo Alcalde Marqu\u00e9s de Contadero Sevilla, 30 de marzo de 2022.&#8211; Esta ma\u00f1ana el presidente de la Fundaci\u00f3n Nao Victoria, Jos\u00e9 Fern\u00e1ndez de Cabo, junto a al Consejero de Presidencia, Antonio Sanz y el Alcalde [&hellip;]<\/p>\n","protected":false},"author":1,"featured_media":1035,"comment_status":"closed","ping_status":"open","sticky":false,"template":"","format":"standard","meta":{"footnotes":""},"categories":[10],"tags":[],"class_list":["post-1034","post","type-post","status-publish","format-standard","has-post-thumbnail","hentry","category-noticia"],"_links":{"self":[{"href":"https:\/\/jumpers.work\/exploraterra\/wp-json\/wp\/v2\/posts\/1034","targetHints":{"allow":["GET"]}}],"collection":[{"href":"https:\/\/jumpers.work\/exploraterra\/wp-json\/wp\/v2\/posts"}],"about":[{"href":"https:\/\/jumpers.work\/exploraterra\/wp-json\/wp\/v2\/types\/post"}],"author":[{"embeddable":true,"href":"https:\/\/jumpers.work\/exploraterra\/wp-json\/wp\/v2\/users\/1"}],"replies":[{"embeddable":true,"href":"https:\/\/jumpers.work\/exploraterra\/wp-json\/wp\/v2\/comments?post=1034"}],"version-history":[{"count":0,"href":"https:\/\/jumpers.work\/exploraterra\/wp-json\/wp\/v2\/posts\/1034\/revisions"}],"wp:featuredmedia":[{"embeddable":true,"href":"https:\/\/jumpers.work\/exploraterra\/wp-json\/wp\/v2\/media\/1035"}],"wp:attachment":[{"href":"https:\/\/jumpers.work\/exploraterra\/wp-json\/wp\/v2\/media?parent=1034"}],"wp:term":[{"taxonomy":"category","embeddable":true,"href":"https:\/\/jumpers.work\/exploraterra\/wp-json\/wp\/v2\/categories?post=1034"},{"taxonomy":"post_tag","embeddable":true,"href":"https:\/\/jumpers.work\/exploraterra\/wp-json\/wp\/v2\/tags?post=1034"}],"curies":[{"name":"wp","href":"https:\/\/api.w.org\/{rel}","templated":true}]}}